{"id":12697,"date":"2022-05-19T11:17:00","date_gmt":"2022-05-19T09:17:00","guid":{"rendered":"https:\/\/www.bachsermaert.ch\/?p=12697"},"modified":"2022-05-19T11:17:35","modified_gmt":"2022-05-19T09:17:35","slug":"cidre-der-neue-star","status":"publish","type":"post","link":"https:\/\/www.bachsermaert.ch\/en\/cidre-der-neue-star\/","title":{"rendered":"Cidre &#8211; der neue Star"},"content":{"rendered":"\n<p>Der Sommer naht, Grund genug, den Cidre neu zu entdecken!<\/p>\n\n\n\n<p>Du findest eine sch\u00f6ne Auswahl an aromatisch vielf\u00e4ltigen, komplexen und festlichen Cidre in unseren Regalen.<\/p>\n\n\n\n<p>In der Schweiz stellen innovative Kleinproduzenten mit grosser Passion nach handwerklichen Methoden hervorragenden Cidre her.<\/p>\n\n\n\n<div style=\"height:30px\" aria-hidden=\"true\" class=\"wp-block-spacer\"><\/div>\n\n\n\n<p><strong>Cidrerie du Vulcain<\/strong> aus Treyvaux im Saanegebiet<\/p>\n\n\n\n<div style=\"height:15px\" aria-hidden=\"true\" class=\"wp-block-spacer\"><\/div>\n\n\n\n<div class=\"wp-block-media-text alignwide is-stacked-on-mobile is-vertically-aligned-center\" style=\"grid-template-columns:36% auto\"><figure class=\"wp-block-media-text__media\"><img fetchpriority=\"high\" decoding=\"async\" width=\"574\" height=\"1024\" src=\"https:\/\/www.bachsermaert.ch\/wp-content\/uploads\/2022\/05\/Flasche-1-574x1024.png\" alt=\"\" class=\"wp-image-12703 size-full\" srcset=\"https:\/\/www.bachsermaert.ch\/wp-content\/uploads\/2022\/05\/Flasche-1-574x1024.png 574w, https:\/\/www.bachsermaert.ch\/wp-content\/uploads\/2022\/05\/Flasche-1-168x300.png 168w, https:\/\/www.bachsermaert.ch\/wp-content\/uploads\/2022\/05\/Flasche-1-600x1070.png 600w, https:\/\/www.bachsermaert.ch\/wp-content\/uploads\/2022\/05\/Flasche-1.png 676w\" sizes=\"(max-width: 574px) 100vw, 574px\" \/><\/figure><div class=\"wp-block-media-text__content\">\n<p class=\"has-text-align-left\">Seit \u00fcber 10 Jahren stellt die <a href=\"https:\/\/www.cidrerieduvulcain.com\/\" target=\"_blank\" rel=\"noreferrer noopener\"><strong>Cidrerie du Vulcain<\/strong><\/a> Cidres in grosser Qualit\u00e4t her. <br>Sie verarbeitet Fr\u00fcchte des Freiburger Obstgartens einerseits aus eigener Produktion, andererseits von weiteren lokalen Produzenten.<br>Hauptfrucht ist der Apfel, Birnen und Quitten verleihen zus\u00e4tzlichen Charakter, alle stammen von Hochstammb\u00e4umen. Dies tr\u00e4gt zur Erhaltung einer vielf\u00e4ltigen und reichen traditionellen Landschaft bei, die f\u00fcr die biologische Vielfalt unerl\u00e4sslich ist. Ihr Leuchtturmprodukt ist ein prickelnder Cidre, der nach der \u201eGuillage-Technik\u201c fermentiert wird. Die Cidres sind immer reiner Saft, spontan verg\u00e4rt wie bei einem Naturwein und grob filtriert.<\/p>\n<\/div><\/div>\n\n\n\n<div style=\"height:20px\" aria-hidden=\"true\" class=\"wp-block-spacer\"><\/div>\n\n\n\n<p><strong>Schon probiert?<\/strong> Der niedrige Alkoholgehalt macht Cidre zu deinem neuen Begleiter, sei es zum Ap\u00e9ro, zu deiner festlichen Mahlzeit oder einer leckeren S\u00fcssspeise.<\/p>\n\n\n\n<p><strong>Tipp:<\/strong> Cidre entfaltet sich hervorragend in einem Weisswein- oder Champagnerglas!<\/p>\n\n\n\n<div style=\"height:21px\" aria-hidden=\"true\" class=\"wp-block-spacer\"><\/div>\n\n\n\n<p>\u00dcbrigens: Vulcain oder Vulkanier ist ein wundersch\u00f6ner Schmetterling, mit braunen bis tiefschwarzen Fl\u00fcgeloberseiten, verziert mit einem orangen bis leuchtend roten Kreismuster. Er ist jeden Herbst ein treuer Freund und Begleiter der Erntehelfer*innen.<\/p>\n","protected":false},"excerpt":{"rendered":"<p>Der Sommer naht, Grund genug, den Cidre neu zu entdecken! Du findest eine sch\u00f6ne Auswahl an aromatisch vielf\u00e4ltigen, komplexen und festlichen Cidre in unseren Regalen. In der Schweiz stellen innovative Kleinproduzenten mit grosser Passion nach handwerklichen Methoden hervorragenden Cidre her. Cidrerie du Vulcain aus Treyvaux im Saanegebiet Seit \u00fcber 10 Jahren stellt die Cidrerie du [&hellip;]<\/p>\n","protected":false},"author":6,"featured_media":12698,"comment_status":"open","ping_status":"open","sticky":false,"template":"","format":"standard","meta":{"_acf_changed":false,"footnotes":""},"categories":[6,7,8,5,3,1],"tags":[110,122,142,143,144,145,146,147,148,73,74,75],"class_list":["post-12697","post","type-post","status-publish","format-standard","has-post-thumbnail","hentry","category-bachsermaert-albisrieden","category-bachsermaert-bachs","category-bachsermaert-eglisau","category-bachsermaert-kalkbreite","category-bachsermaert-seefeld","category-community","tag-einheimisch","tag-regional","tag-handwerk","tag-hochstammbaeume","tag-apfel","tag-birne","tag-quitte","tag-prickelnd","tag-suure-moscht","tag-cidre","tag-apfelschaumwein","tag-schweizer-kleinproduzenten"],"acf":[],"aioseo_notices":[],"_links":{"self":[{"href":"https:\/\/www.bachsermaert.ch\/en\/wp-json\/wp\/v2\/posts\/12697","targetHints":{"allow":["GET"]}}],"collection":[{"href":"https:\/\/www.bachsermaert.ch\/en\/wp-json\/wp\/v2\/posts"}],"about":[{"href":"https:\/\/www.bachsermaert.ch\/en\/wp-json\/wp\/v2\/types\/post"}],"author":[{"embeddable":true,"href":"https:\/\/www.bachsermaert.ch\/en\/wp-json\/wp\/v2\/users\/6"}],"replies":[{"embeddable":true,"href":"https:\/\/www.bachsermaert.ch\/en\/wp-json\/wp\/v2\/comments?post=12697"}],"version-history":[{"count":5,"href":"https:\/\/www.bachsermaert.ch\/en\/wp-json\/wp\/v2\/posts\/12697\/revisions"}],"predecessor-version":[{"id":12736,"href":"https:\/\/www.bachsermaert.ch\/en\/wp-json\/wp\/v2\/posts\/12697\/revisions\/12736"}],"wp:featuredmedia":[{"embeddable":true,"href":"https:\/\/www.bachsermaert.ch\/en\/wp-json\/wp\/v2\/media\/12698"}],"wp:attachment":[{"href":"https:\/\/www.bachsermaert.ch\/en\/wp-json\/wp\/v2\/media?parent=12697"}],"wp:term":[{"taxonomy":"category","embeddable":true,"href":"https:\/\/www.bachsermaert.ch\/en\/wp-json\/wp\/v2\/categories?post=12697"},{"taxonomy":"post_tag","embeddable":true,"href":"https:\/\/www.bachsermaert.ch\/en\/wp-json\/wp\/v2\/tags?post=12697"}],"curies":[{"name":"wp","href":"https:\/\/api.w.org\/{rel}","templated":true}]}}