{"id":12751,"date":"2022-06-16T12:23:42","date_gmt":"2022-06-16T10:23:42","guid":{"rendered":"https:\/\/www.bachsermaert.ch\/?p=12751"},"modified":"2022-06-16T13:42:03","modified_gmt":"2022-06-16T11:42:03","slug":"die-bergackerbohne","status":"publish","type":"post","link":"https:\/\/www.bachsermaert.ch\/en\/die-bergackerbohne\/","title":{"rendered":"Die Bergackerbohne &#8211; altbew\u00e4hrt &#8211; neuentdeckt"},"content":{"rendered":"\n<p>Vom <a href=\"http:\/\/www.lasorts.ch\" target=\"_blank\" rel=\"noreferrer noopener\"><strong>Hof Las Sorts<\/strong><\/a> haben wir neu im Sortiment: Die <strong>ganzen Ackerbohnen<\/strong>, <strong>gesch\u00e4lten Bruch<\/strong> sowie <strong>Mehl<\/strong> und <strong>Griess<\/strong>.<\/p>\n\n\n\n<div style=\"height:30px\" aria-hidden=\"true\" class=\"wp-block-spacer\"><\/div>\n\n\n\n<h3 class=\"wp-block-heading\"><strong>Was macht man denn aus der Bergackerbohne?<\/strong><\/h3>\n\n\n\n<p>Die Bergackerbohne ist in unseren K\u00fcchen nicht mehr pr\u00e4sent und f\u00fcr manchen Gaumen sogar komplett fremd. Grunds\u00e4tzlich kann man sie aber wie eine Kichererbse einsetzen. Durch ihren hohen Anteil an vollwertigen Proteinen, Mineralstoffen, Vitaminen und essenziellen Aminos\u00e4uren ist sie ein ideales Grundnahrungsmittel.<\/p>\n\n\n\n<div style=\"height:10px\" aria-hidden=\"true\" class=\"wp-block-spacer\"><\/div>\n\n\n\n<h3 class=\"wp-block-heading\"><strong>Rezept Ackerbohnen-Fries:<\/strong><\/h3>\n\n\n\n<div class=\"wp-block-group\"><div class=\"wp-block-group__inner-container is-layout-flow wp-block-group-is-layout-flow\">\n<div class=\"wp-block-group\"><div class=\"wp-block-group__inner-container is-layout-flow wp-block-group-is-layout-flow\">\n<div class=\"wp-block-group\"><div class=\"wp-block-group__inner-container is-layout-flow wp-block-group-is-layout-flow\">\n<div class=\"wp-block-group\"><div class=\"wp-block-group__inner-container is-layout-flow wp-block-group-is-layout-flow\">\n<div class=\"wp-block-group\"><div class=\"wp-block-group__inner-container is-layout-flow wp-block-group-is-layout-flow\">\n<p><strong>Zutaten<\/strong><\/p>\n\n\n\n<p>175 g grober Bergackerbohnen-Griess<br>600 ml Gem\u00fcsebouillon<br>1 EL Raps\u00f6l<br>Salz<br>Schwarzer Pfeffer aus der M\u00fchle<br>Raps\u00f6l zum Bepinseln<\/p>\n<\/div><\/div>\n<\/div><\/div>\n<\/div><\/div>\n<\/div><\/div>\n<\/div><\/div>\n\n\n\n<p><strong>Zubereitung<\/strong><\/p>\n\n\n\n<ul class=\"wp-block-list\" type=\"1\"><li>Die Gem\u00fcsbouillon in einem Topf zum Kochen bringen.<\/li><li>Den Topf vom Herd nehmen und den Ackerbohnengriess unter st\u00e4ndigem R\u00fchren einrieseln lassen.<\/li><li>Raps\u00f6l unterr\u00fchren und mit Salz und Pfeffer abschmecken.<\/li><li>Nochmals auf dem Herd erhitzen und bei kleiner Hitze und unter st\u00e4ndigem R\u00fchren ca. 3-4 Minuten zu einem festen Brei kochen, der sich vom Topf l\u00f6st.<\/li><li>Den Ackerbohnen-Giessbrei auf ein feuchtes Blech rund 1 cm dick ausstreichen, gleichm\u00e4ssig<br>festdr\u00fccken und ausk\u00fchlen lassen.<br><\/li><li>Den Backofen auf 200\u00b0C Ober\/-Unterhitze vorheizen.<\/li><li>Die ausgestrichene Masse in rund 5 cm lange Fries schneiden.<\/li><li>Ein mit Backpapier belegtes Backblech mit wenig Raps\u00f6l bestreichen und die Ackerbohnen-Fries gleichm\u00e4ssig darauf verteilen.<\/li><li>Die Fries von allen Seiten mit \u00d6l bepinseln und im heissen Ofen 30-40 Minuten knusprig ausbacken.<\/li><li>Die Fries als Beilage oder Snack mit Ketchup, Chutney oder Cr\u00e8me fra\u00eeche servieren.<\/li><\/ul>\n\n\n\n<p><strong><a href=\"https:\/\/www.bergkartoffeln.ch\/rezepte\/ackerbohnen\" target=\"_blank\" rel=\"noreferrer noopener\" title=\"Link zu Rezeptseite Ackerbohne\">Link zu Rezeptseite Ackerbohne<\/a><\/strong><\/p>\n\n\n\n<div style=\"height:29px\" aria-hidden=\"true\" class=\"wp-block-spacer\"><\/div>\n\n\n\n<h3 class=\"wp-block-heading\"><strong>Wie kam der Hof Las Sorts zu der Ackerbohne?<\/strong><\/h3>\n\n\n\n<p>Im Jahr 2016 hat ProSpecieRara bei Marcel Heinrich vom Hof Las Sorts angefragt, ob er Interesse habe, alte Ackerbohnensorten zu vermehren. Ackerbohnen sind auch bekannt unter dem Namen Fava (Italien) oder Dicke Bohne (Deutschland). <\/p>\n\n\n\n<div class=\"wp-block-media-text alignwide is-stacked-on-mobile\"><figure class=\"wp-block-media-text__media\"><img fetchpriority=\"high\" decoding=\"async\" width=\"834\" height=\"488\" src=\"https:\/\/www.bachsermaert.ch\/wp-content\/uploads\/2022\/06\/Ackerbohne_Pflanze_LasSorts.png\" alt=\"\" class=\"wp-image-12761 size-full\" srcset=\"https:\/\/www.bachsermaert.ch\/wp-content\/uploads\/2022\/06\/Ackerbohne_Pflanze_LasSorts.png 834w, https:\/\/www.bachsermaert.ch\/wp-content\/uploads\/2022\/06\/Ackerbohne_Pflanze_LasSorts-300x176.png 300w, https:\/\/www.bachsermaert.ch\/wp-content\/uploads\/2022\/06\/Ackerbohne_Pflanze_LasSorts-768x449.png 768w, https:\/\/www.bachsermaert.ch\/wp-content\/uploads\/2022\/06\/Ackerbohne_Pflanze_LasSorts-600x351.png 600w\" sizes=\"(max-width: 834px) 100vw, 834px\" \/><\/figure><div class=\"wp-block-media-text__content\">\n<p>Nat\u00fcrlich war Marcel Heinrich daf\u00fcr gleich Feuer und Flamme und hat Versuche auf dem Feld gestartet. Schlussendlich hat sich eine alte Sorte aus dem Wallis durchgesetzt, weil ihr selbst drei Fr\u00f6ste nichts anhaben konnten.  <\/p>\n<\/div><\/div>\n\n\n\n<p>Aus den damals 3 Kilogramm Ausgangsmaterial sind im Herbst 2021, nach jahrelanger Aufbauarbeit, 3 Tonnen geworden. Das Projekt war und ist mit sehr viel Handarbeit verbunden, da gibt es eine enge Verwandtschaft zu den <a href=\"https:\/\/www.lasorts.ch\/bergkartoffeln\/index.html\" target=\"_blank\" rel=\"noreferrer noopener\" title=\"Bergkartoffeln \"><strong>Bergkartoffeln<\/strong> <\/a>und den verschiedenen Sorten an Getreide, die ebenfalls auf dem Hof Las Sorts gepflegt und angebaut werden.<\/p>\n","protected":false},"excerpt":{"rendered":"<p>Vom Hof Las Sorts haben wir neu im Sortiment: Die ganzen Ackerbohnen, gesch\u00e4lten Bruch sowie Mehl und Griess. Was macht man denn aus der Bergackerbohne? Die Bergackerbohne ist in unseren K\u00fcchen nicht mehr pr\u00e4sent und f\u00fcr manchen Gaumen sogar komplett fremd. Grunds\u00e4tzlich kann man sie aber wie eine Kichererbse einsetzen. Durch ihren hohen Anteil an [&hellip;]<\/p>\n","protected":false},"author":6,"featured_media":12757,"comment_status":"open","ping_status":"open","sticky":false,"template":"","format":"standard","meta":{"_acf_changed":false,"footnotes":""},"categories":[6,7,8,5,3,1],"tags":[110,122,149,150,151,152,59,60],"class_list":["post-12751","post","type-post","status-publish","format-standard","has-post-thumbnail","hentry","category-bachsermaert-albisrieden","category-bachsermaert-bachs","category-bachsermaert-eglisau","category-bachsermaert-kalkbreite","category-bachsermaert-seefeld","category-community","tag-einheimisch","tag-regional","tag-schweizer-produzent","tag-albulatal","tag-ackerbohne","tag-huellsenfrucht","tag-heimische-zutaten","tag-zuerich"],"acf":[],"aioseo_notices":[],"_links":{"self":[{"href":"https:\/\/www.bachsermaert.ch\/en\/wp-json\/wp\/v2\/posts\/12751","targetHints":{"allow":["GET"]}}],"collection":[{"href":"https:\/\/www.bachsermaert.ch\/en\/wp-json\/wp\/v2\/posts"}],"about":[{"href":"https:\/\/www.bachsermaert.ch\/en\/wp-json\/wp\/v2\/types\/post"}],"author":[{"embeddable":true,"href":"https:\/\/www.bachsermaert.ch\/en\/wp-json\/wp\/v2\/users\/6"}],"replies":[{"embeddable":true,"href":"https:\/\/www.bachsermaert.ch\/en\/wp-json\/wp\/v2\/comments?post=12751"}],"version-history":[{"count":5,"href":"https:\/\/www.bachsermaert.ch\/en\/wp-json\/wp\/v2\/posts\/12751\/revisions"}],"predecessor-version":[{"id":12770,"href":"https:\/\/www.bachsermaert.ch\/en\/wp-json\/wp\/v2\/posts\/12751\/revisions\/12770"}],"wp:featuredmedia":[{"embeddable":true,"href":"https:\/\/www.bachsermaert.ch\/en\/wp-json\/wp\/v2\/media\/12757"}],"wp:attachment":[{"href":"https:\/\/www.bachsermaert.ch\/en\/wp-json\/wp\/v2\/media?parent=12751"}],"wp:term":[{"taxonomy":"category","embeddable":true,"href":"https:\/\/www.bachsermaert.ch\/en\/wp-json\/wp\/v2\/categories?post=12751"},{"taxonomy":"post_tag","embeddable":true,"href":"https:\/\/www.bachsermaert.ch\/en\/wp-json\/wp\/v2\/tags?post=12751"}],"curies":[{"name":"wp","href":"https:\/\/api.w.org\/{rel}","templated":true}]}}