{"id":12850,"date":"2022-08-05T10:57:14","date_gmt":"2022-08-05T08:57:14","guid":{"rendered":"https:\/\/www.bachsermaert.ch\/?p=12850"},"modified":"2022-08-08T13:34:07","modified_gmt":"2022-08-08T11:34:07","slug":"bachser-apfelsonntag","status":"publish","type":"post","link":"https:\/\/www.bachsermaert.ch\/en\/bachser-apfelsonntag\/","title":{"rendered":"21. August 2022 &#8211; Bachser Apfelsonntag"},"content":{"rendered":"\n<p>Am 21. August 2022 findet der traditionelle Bachser Apfelsonntag bei unserem Lieferant <a href=\"https:\/\/www.obstbaubleuler.ch\/\" target=\"_blank\" rel=\"noopener\"><strong>Obstbau Bleuler<\/strong><\/a> in Bachs statt. <\/p>\n\n\n\n<p>Ein vielf\u00e4ltiges Programm erwartet euch:<\/p>\n\n\n\n<p>Festwirtschaft offen ab 09:30<\/p>\n\n\n\n<p>Fr\u00fchschoppenkonzert 10:00<\/p>\n\n\n\n<ul class=\"wp-block-list\"><li>Bachsertaler L\u00e4ndlerkapelle<\/li><li>Jodelklub Eglisau<\/li><li>gemischter Jodelchor Bernerverein Z\u00fcrcher Unterland<\/li><\/ul>\n\n\n\n<p>Spielegge ab 11:00 \/ Ponyreiten<\/p>\n\n\n\n<p>Diverse Marktst\u00e4nde<\/p>\n\n\n\n<p>Bierdegustation<\/p>\n\n\n\n<p>13:30 F\u00fcrung durch den Obstbaubetrieb<\/p>\n\n\n\n<p>Alle sind herzlich Willkommen in <a href=\"https:\/\/www.google.ch\/maps\/place\/Widemstrasse+25,+8164+Bachs\/@47.5280229,8.4357835,17z\/data=!3m1!4b1!4m5!3m4!1s0x4790722bed528ba5:0x1a45203068b5b4d8!8m2!3d47.5280193!4d8.4379722?hl=de\" target=\"_blank\" rel=\"noopener\"><strong>Bachs an der Widemstrasse 25<\/strong><\/a>.<\/p>\n\n\n\n<div class=\"wp-block-image is-style-default\"><figure class=\"aligncenter size-large is-resized\"><img fetchpriority=\"high\" decoding=\"async\" src=\"https:\/\/www.bachsermaert.ch\/wp-content\/uploads\/2022\/08\/51812333181_d95160678d_o-768x1024.jpg\" alt=\"\" class=\"wp-image-12857\" width=\"382\" height=\"509\" srcset=\"https:\/\/www.bachsermaert.ch\/wp-content\/uploads\/2022\/08\/51812333181_d95160678d_o-768x1024.jpg 768w, https:\/\/www.bachsermaert.ch\/wp-content\/uploads\/2022\/08\/51812333181_d95160678d_o-225x300.jpg 225w, https:\/\/www.bachsermaert.ch\/wp-content\/uploads\/2022\/08\/51812333181_d95160678d_o-1152x1536.jpg 1152w, https:\/\/www.bachsermaert.ch\/wp-content\/uploads\/2022\/08\/51812333181_d95160678d_o-600x800.jpg 600w, https:\/\/www.bachsermaert.ch\/wp-content\/uploads\/2022\/08\/51812333181_d95160678d_o.jpg 1536w\" sizes=\"(max-width: 382px) 100vw, 382px\" \/><\/figure><\/div>\n","protected":false},"excerpt":{"rendered":"<p>Am 21. August 2022 findet der traditionelle Bachser Apfelsonntag bei unserem Lieferant Obstbau Bleuler in Bachs statt. Ein vielf\u00e4ltiges Programm erwartet euch: Festwirtschaft offen ab 09:30 Fr\u00fchschoppenkonzert 10:00 Bachsertaler L\u00e4ndlerkapelle Jodelklub Eglisau gemischter Jodelchor Bernerverein Z\u00fcrcher Unterland Spielegge ab 11:00 \/ Ponyreiten Diverse Marktst\u00e4nde Bierdegustation 13:30 F\u00fcrung durch den Obstbaubetrieb Alle sind herzlich Willkommen in [&hellip;]<\/p>\n","protected":false},"author":6,"featured_media":12853,"comment_status":"open","ping_status":"open","sticky":false,"template":"","format":"standard","meta":{"_acf_changed":false,"footnotes":""},"categories":[7,1],"tags":[153,170,154,155,156,157,158,159,160,161,162,163,164,75,165,85,166,110,167,122,169],"class_list":["post-12850","post","type-post","status-publish","format-standard","has-post-thumbnail","hentry","category-bachsermaert-bachs","category-community","tag-festwirtschaft","tag-kleinproduzenten","tag-apfelsonntag","tag-traditionell","tag-obstbau","tag-bleuler","tag-obstbau-bleuler","tag-ponyreiten","tag-bachsertaler-laendlerkapelle","tag-jodelklub-eglisau","tag-jodelchor-bernerverein-zuercher-unterland","tag-bierdegustation","tag-obstbaubetrieb","tag-schweizer-kleinproduzenten","tag-fuerung-durch-den-obstbaubetrieb","tag-bachsertal","tag-bachs","tag-einheimisch","tag-markt","tag-regional","tag-marktstaende"],"acf":[],"aioseo_notices":[],"_links":{"self":[{"href":"https:\/\/www.bachsermaert.ch\/en\/wp-json\/wp\/v2\/posts\/12850","targetHints":{"allow":["GET"]}}],"collection":[{"href":"https:\/\/www.bachsermaert.ch\/en\/wp-json\/wp\/v2\/posts"}],"about":[{"href":"https:\/\/www.bachsermaert.ch\/en\/wp-json\/wp\/v2\/types\/post"}],"author":[{"embeddable":true,"href":"https:\/\/www.bachsermaert.ch\/en\/wp-json\/wp\/v2\/users\/6"}],"replies":[{"embeddable":true,"href":"https:\/\/www.bachsermaert.ch\/en\/wp-json\/wp\/v2\/comments?post=12850"}],"version-history":[{"count":5,"href":"https:\/\/www.bachsermaert.ch\/en\/wp-json\/wp\/v2\/posts\/12850\/revisions"}],"predecessor-version":[{"id":12867,"href":"https:\/\/www.bachsermaert.ch\/en\/wp-json\/wp\/v2\/posts\/12850\/revisions\/12867"}],"wp:featuredmedia":[{"embeddable":true,"href":"https:\/\/www.bachsermaert.ch\/en\/wp-json\/wp\/v2\/media\/12853"}],"wp:attachment":[{"href":"https:\/\/www.bachsermaert.ch\/en\/wp-json\/wp\/v2\/media?parent=12850"}],"wp:term":[{"taxonomy":"category","embeddable":true,"href":"https:\/\/www.bachsermaert.ch\/en\/wp-json\/wp\/v2\/categories?post=12850"},{"taxonomy":"post_tag","embeddable":true,"href":"https:\/\/www.bachsermaert.ch\/en\/wp-json\/wp\/v2\/tags?post=12850"}],"curies":[{"name":"wp","href":"https:\/\/api.w.org\/{rel}","templated":true}]}}