{"id":12884,"date":"2022-08-22T08:00:00","date_gmt":"2022-08-22T06:00:00","guid":{"rendered":"https:\/\/www.bachsermaert.ch\/?p=12884"},"modified":"2022-10-19T13:52:00","modified_gmt":"2022-10-19T11:52:00","slug":"1001-gemuese-solidarische-landwirtschaft","status":"publish","type":"post","link":"https:\/\/www.bachsermaert.ch\/en\/1001-gemuese-solidarische-landwirtschaft\/","title":{"rendered":"1001 Gem\u00fcse &#038; Solidarische Landwirtschaft"},"content":{"rendered":"\n<p>Bald ist es soweit. Am <strong>Samstag, 3. und Sonntag, 4. September 2022<\/strong> jeweils von <strong>11.00 &#8211; 18.00 Uhr<\/strong> l\u00e4dt der <a href=\"https:\/\/1001gemuese.ch\/\" target=\"_blank\" rel=\"noopener\"><strong>Markt der Vielfalt<\/strong><\/a> in <a href=\"https:\/\/www.google.ch\/maps\/place\/Klosterpl.,+8462+Rheinau\/@47.64338,8.604996,17z\/data=!3m1!4b1!4m5!3m4!1s0x479078894b284465:0x8d77e12b7bfee4dd!8m2!3d47.64338!4d8.60719\" target=\"_blank\" rel=\"noopener\"><strong>Rheinau am Klosterplatz<\/strong><\/a> zum Entdecken und Geniessen ein.<\/p>\n\n\n\n<p>Auf ins Degustations- und Erlebnisparadies! Entdecke an den Degustations-St\u00e4nden des Bauernmarktes Neues, Schmackhaftes und noch nie Gesehenes aus Gem\u00fcse und anderen Naturprodukten. Auch wir vom BachserM\u00e4rt sind mit dabei.<\/p>\n\n\n\n<p>Oder nimm teil am abwechslungsreichen <strong><a href=\"https:\/\/1001gemuese.ch\/2022\/programm-2022\" target=\"_blank\" rel=\"noopener\">Vortragsprogramm<\/a><\/strong> zu unterschiedlichen Themen wie Solidarische Landwirtschaft, die Sprache der K\u00fche verstehen, neue Gentechniken bei Pflanzen und Tieren und vieles mehr. <\/p>\n\n\n\n<p>Wer sich f\u00fcr den Demeter Landwirtschaftsbetrieb <strong><a href=\"https:\/\/www.gutrheinau.ch\/\" target=\"_blank\" rel=\"noopener\">Gut Rheinau GmbH<\/a><\/strong> interessiert, kann an einer <strong><a href=\"https:\/\/1001gemuese.ch\/2022\/fuehrungen\" target=\"_blank\" rel=\"noopener\">F\u00fchrung<\/a><\/strong> durch die Zuchtg\u00e4rten und das Betriebsgel\u00e4nde der <strong><a href=\"http:\/\/www.sativa-rheinau.ch\/\" target=\"_blank\" rel=\"noopener\">Sativa Rheinau AG<\/a><\/strong> teilnehmen. <\/p>\n\n\n\n<p>Auch f\u00fcr die Kinder ist gesorgt: Kinderspass mit Gem\u00fcsetheater, Clowns und Kinderanimateure finden sich auf dem gesamten Veranstaltungsareal.<\/p>\n\n\n\n<p>Und f\u00fcr das leibliche Wohl sorgt das vielf\u00e4ltige <strong><a href=\"https:\/\/1001gemuese.ch\/2022\/kulinarisches-angebot\" target=\"_blank\" rel=\"noopener\">kulinarische Angebot<\/a><\/strong>. En Guet\u00e4!<\/p>\n\n\n\n<div class=\"wp-block-image\"><figure class=\"aligncenter size-full is-resized\"><img fetchpriority=\"high\" decoding=\"async\" src=\"https:\/\/www.bachsermaert.ch\/wp-content\/uploads\/2022\/10\/Screenshot-2022-08-16-161513.png\" alt=\"\" class=\"wp-image-12964\" width=\"501\" height=\"424\" srcset=\"https:\/\/www.bachsermaert.ch\/wp-content\/uploads\/2022\/10\/Screenshot-2022-08-16-161513.png 641w, https:\/\/www.bachsermaert.ch\/wp-content\/uploads\/2022\/10\/Screenshot-2022-08-16-161513-300x254.png 300w, https:\/\/www.bachsermaert.ch\/wp-content\/uploads\/2022\/10\/Screenshot-2022-08-16-161513-600x507.png 600w\" sizes=\"(max-width: 501px) 100vw, 501px\" \/><\/figure><\/div>\n","protected":false},"excerpt":{"rendered":"<p>Bald ist es soweit. Am Samstag, 3. und Sonntag, 4. September 2022 jeweils von 11.00 &#8211; 18.00 Uhr l\u00e4dt der Markt der Vielfalt in Rheinau am Klosterplatz zum Entdecken und Geniessen ein. Auf ins Degustations- und Erlebnisparadies! Entdecke an den Degustations-St\u00e4nden des Bauernmarktes Neues, Schmackhaftes und noch nie Gesehenes aus Gem\u00fcse und anderen Naturprodukten. Auch [&hellip;]<\/p>\n","protected":false},"author":6,"featured_media":12963,"comment_status":"open","ping_status":"open","sticky":false,"template":"","format":"standard","meta":{"_acf_changed":false,"footnotes":""},"categories":[6,7,8,5,3,1],"tags":[172,173,174,175,176,177,179],"class_list":["post-12884","post","type-post","status-publish","format-standard","has-post-thumbnail","hentry","category-bachsermaert-albisrieden","category-bachsermaert-bachs","category-bachsermaert-eglisau","category-bachsermaert-kalkbreite","category-bachsermaert-seefeld","category-community","tag-1001-gemuese","tag-markt-der-vielfalt","tag-solidarische-landwirtschaft","tag-gut-rheinau","tag-sativa","tag-wertschoepfung","tag-sortenvielfalt"],"acf":[],"aioseo_notices":[],"_links":{"self":[{"href":"https:\/\/www.bachsermaert.ch\/en\/wp-json\/wp\/v2\/posts\/12884","targetHints":{"allow":["GET"]}}],"collection":[{"href":"https:\/\/www.bachsermaert.ch\/en\/wp-json\/wp\/v2\/posts"}],"about":[{"href":"https:\/\/www.bachsermaert.ch\/en\/wp-json\/wp\/v2\/types\/post"}],"author":[{"embeddable":true,"href":"https:\/\/www.bachsermaert.ch\/en\/wp-json\/wp\/v2\/users\/6"}],"replies":[{"embeddable":true,"href":"https:\/\/www.bachsermaert.ch\/en\/wp-json\/wp\/v2\/comments?post=12884"}],"version-history":[{"count":4,"href":"https:\/\/www.bachsermaert.ch\/en\/wp-json\/wp\/v2\/posts\/12884\/revisions"}],"predecessor-version":[{"id":12966,"href":"https:\/\/www.bachsermaert.ch\/en\/wp-json\/wp\/v2\/posts\/12884\/revisions\/12966"}],"wp:featuredmedia":[{"embeddable":true,"href":"https:\/\/www.bachsermaert.ch\/en\/wp-json\/wp\/v2\/media\/12963"}],"wp:attachment":[{"href":"https:\/\/www.bachsermaert.ch\/en\/wp-json\/wp\/v2\/media?parent=12884"}],"wp:term":[{"taxonomy":"category","embeddable":true,"href":"https:\/\/www.bachsermaert.ch\/en\/wp-json\/wp\/v2\/categories?post=12884"},{"taxonomy":"post_tag","embeddable":true,"href":"https:\/\/www.bachsermaert.ch\/en\/wp-json\/wp\/v2\/tags?post=12884"}],"curies":[{"name":"wp","href":"https:\/\/api.w.org\/{rel}","templated":true}]}}