{"id":12937,"date":"2022-10-21T07:00:00","date_gmt":"2022-10-21T05:00:00","guid":{"rendered":"https:\/\/www.bachsermaert.ch\/?p=12937"},"modified":"2022-10-21T11:28:49","modified_gmt":"2022-10-21T09:28:49","slug":"alpkaese-essenz-des-bergsommers","status":"publish","type":"post","link":"https:\/\/www.bachsermaert.ch\/en\/alpkaese-essenz-des-bergsommers\/","title":{"rendered":"Alpk\u00e4se &#8211; Essenz des Bergsommers"},"content":{"rendered":"\n<p>Alpk\u00e4se aus f\u00fcnf verschiedenen Bergregionen &#8211; von jung bis kr\u00e4ftig-aromatisch, von mild-w\u00fcrzig bis gereift und charaktervoll &#8211; bereichern unsere K\u00e4setheken in diesem Herbst.<\/p>\n\n\n\n<p>Alpk\u00e4se wird in S\u00f6mmerungsbetrieben auf 1000-2000 Metern \u00fc. Meer oft unter einfachsten Verh\u00e4ltnissen und in aufwendiger Handarbeit produziert. Jedes Jahr von Mai bis September ziehen die K\u00fche hoch hinauf auf die Alpen zum Weiden. Vielf\u00e4ltige Kr\u00e4uter und Gr\u00e4ser in einer artenreichen und aromatischen Vegetation, kristallklares Wasser und reine Bergluft, all das macht den Alpk\u00e4se zu einem kostbaren Gut und zu einem unvergleichlichen Genusserlebnis.<\/p>\n\n\n\n<p>Und: Alpk\u00e4se ist gesund! Er hat einen hohen Proteingehalt und deckt unseren t\u00e4glichen Klaziumbedarf. Auch hat er viele Omega3 Fetts\u00e4uren.<\/p>\n\n\n\n<p>Komm vorbei und finde deinen Favoriten bei uns in der K\u00e4setheke. \u00c4s h\u00e4t, so lang&#8217;s h\u00e4t!<\/p>\n\n\n\n<div class=\"wp-block-image\"><figure class=\"aligncenter size-full\"><img fetchpriority=\"high\" decoding=\"async\" width=\"834\" height=\"711\" src=\"https:\/\/www.bachsermaert.ch\/wp-content\/uploads\/2022\/10\/Alpkaese_Bild.jpg\" alt=\"\" class=\"wp-image-12960\" srcset=\"https:\/\/www.bachsermaert.ch\/wp-content\/uploads\/2022\/10\/Alpkaese_Bild.jpg 834w, https:\/\/www.bachsermaert.ch\/wp-content\/uploads\/2022\/10\/Alpkaese_Bild-300x256.jpg 300w, https:\/\/www.bachsermaert.ch\/wp-content\/uploads\/2022\/10\/Alpkaese_Bild-768x655.jpg 768w, https:\/\/www.bachsermaert.ch\/wp-content\/uploads\/2022\/10\/Alpkaese_Bild-600x512.jpg 600w\" sizes=\"(max-width: 834px) 100vw, 834px\" \/><\/figure><\/div>\n\n\n\n<div style=\"height:10px\" aria-hidden=\"true\" class=\"wp-block-spacer\"><\/div>\n\n\n\n<p><strong>Maurice Maggis Rezeptvorschlag f\u00fcr dich \u2013 Wirz-K\u00fcrbiswickel mit Alpk\u00e4se<\/strong><\/p>\n\n\n\n<p>12 St\u00fcck grosse gr\u00fcne entstielte Wirzbl\u00e4tter 3 Minuten im siedenden Salzwasser blanchieren und mit kaltem Wasser abschrecken. 500-700 g K\u00fcrbis halbieren und entkernen, mit \u00d6l auspinseln und mit Salz und Pfeffer w\u00fcrzen. Auf einem Backblech bei 200 Grad im Ofen 15 Minuten schmoren, bis das Fruchtfleisch weich ist.<\/p>\n\n\n\n<p>1 gehackte Zwiebel und 3 Knoblauchzehen in Butter and\u00fcnsten, mit Apfelwein oder Weisswein abl\u00f6schen und in eine Sch\u00fcssel geben. Das K\u00fcrbisfleisch darunter r\u00fchren und mit Paprika und Muskat w\u00fcrzen. Fein gehackte Petersilie, Thymian und Majoran untermischen.<\/p>\n\n\n\n<p>200 g Alpk\u00e4se in kleine W\u00fcrfel schneiden und unter die Masse mischen. Portionenweise in die Wirzbl\u00e4tter einwickeln, in eine feuerfeste Backform legen und mit etwas Wirzsud mit Apfelwein oder Weisswein zur H\u00e4lfte bedecken. 20 Minuten bei 180 Grad backen.<\/p>\n\n\n\n<div style=\"height:10px\" aria-hidden=\"true\" class=\"wp-block-spacer\"><\/div>\n\n\n\n<p><strong>\u00dcbrigens: Kennst du den Unterschied von Alpk\u00e4se und Bergk\u00e4se?<\/strong><br>Alpk\u00e4se wird nur im Sommer und ausschliesslich direkt auf der Alp produziert aus Milch von K\u00fchen, die auf den Alpen weiden. Bergk\u00e4se ganzj\u00e4hrig im Tal, meist in Dorfk\u00e4sereien in Bergregionen, also auch im Winter, wenn die K\u00fche im Stall mit Heu gef\u00fcttert werden.<\/p>\n","protected":false},"excerpt":{"rendered":"<p>Alpk\u00e4se aus f\u00fcnf verschiedenen Bergregionen &#8211; von jung bis kr\u00e4ftig-aromatisch, von mild-w\u00fcrzig bis gereift und charaktervoll &#8211; bereichern unsere K\u00e4setheken in diesem Herbst. Alpk\u00e4se wird in S\u00f6mmerungsbetrieben auf 1000-2000 Metern \u00fc. Meer oft unter einfachsten Verh\u00e4ltnissen und in aufwendiger Handarbeit produziert. Jedes Jahr von Mai bis September ziehen die K\u00fche hoch hinauf auf die Alpen [&hellip;]<\/p>\n","protected":false},"author":6,"featured_media":12967,"comment_status":"open","ping_status":"open","sticky":false,"template":"","format":"standard","meta":{"_acf_changed":false,"footnotes":""},"categories":[6,7,8,5,3,1],"tags":[59,124,149,180,181,182,184,185],"class_list":["post-12937","post","type-post","status-publish","format-standard","has-post-thumbnail","hentry","category-bachsermaert-albisrieden","category-bachsermaert-bachs","category-bachsermaert-eglisau","category-bachsermaert-kalkbreite","category-bachsermaert-seefeld","category-community","tag-heimische-zutaten","tag-handarbeit","tag-schweizer-produzent","tag-alpkaese","tag-alp","tag-saisonal","tag-bergsommer","tag-richtig-gute-lebensmittel"],"acf":[],"aioseo_notices":[],"_links":{"self":[{"href":"https:\/\/www.bachsermaert.ch\/en\/wp-json\/wp\/v2\/posts\/12937","targetHints":{"allow":["GET"]}}],"collection":[{"href":"https:\/\/www.bachsermaert.ch\/en\/wp-json\/wp\/v2\/posts"}],"about":[{"href":"https:\/\/www.bachsermaert.ch\/en\/wp-json\/wp\/v2\/types\/post"}],"author":[{"embeddable":true,"href":"https:\/\/www.bachsermaert.ch\/en\/wp-json\/wp\/v2\/users\/6"}],"replies":[{"embeddable":true,"href":"https:\/\/www.bachsermaert.ch\/en\/wp-json\/wp\/v2\/comments?post=12937"}],"version-history":[{"count":5,"href":"https:\/\/www.bachsermaert.ch\/en\/wp-json\/wp\/v2\/posts\/12937\/revisions"}],"predecessor-version":[{"id":12969,"href":"https:\/\/www.bachsermaert.ch\/en\/wp-json\/wp\/v2\/posts\/12937\/revisions\/12969"}],"wp:featuredmedia":[{"embeddable":true,"href":"https:\/\/www.bachsermaert.ch\/en\/wp-json\/wp\/v2\/media\/12967"}],"wp:attachment":[{"href":"https:\/\/www.bachsermaert.ch\/en\/wp-json\/wp\/v2\/media?parent=12937"}],"wp:term":[{"taxonomy":"category","embeddable":true,"href":"https:\/\/www.bachsermaert.ch\/en\/wp-json\/wp\/v2\/categories?post=12937"},{"taxonomy":"post_tag","embeddable":true,"href":"https:\/\/www.bachsermaert.ch\/en\/wp-json\/wp\/v2\/tags?post=12937"}],"curies":[{"name":"wp","href":"https:\/\/api.w.org\/{rel}","templated":true}]}}